{"id":293122,"date":"2023-10-20T09:35:58","date_gmt":"2023-10-20T07:35:58","guid":{"rendered":"https:\/\/os-dlermana-brestovac.skole.hr\/dodjela-certifikata-a1-na-danima-kruha\/"},"modified":"2023-10-20T09:35:58","modified_gmt":"2023-10-20T07:35:58","slug":"dodjela-certifikata-a1-na-danima-kruha","status":"publish","type":"post","link":"https:\/\/os-dlermana-brestovac.skole.hr\/?p=293122","title":{"rendered":"Dodjela certifikata A1 na Danima kruha"},"content":{"rendered":"<p dir=\"ltr\" style=\"text-align: justify\"><span id=\"docs-internal-guid-a942037c-7fff-56b7-acee-a41935a10465\">Sve\u010dana dodjela certifikata A1&nbsp; iz njema\u010dkog jezika bit \u0107e uprili\u010dena u sklopu manifestacije &ldquo;Dani kruha&rdquo;, koja \u0107e se odr\u017eati u srijedu 25. listopada u 9:30 h u &scaron;kolskoj dvorani.<\/span><\/p>\n<p dir=\"ltr\" style=\"text-align: justify\"><span id=\"docs-internal-guid-a942037c-7fff-56b7-acee-a41935a10465\">Molimo sve u\u010denike koji su sudjelovali u projektu &ldquo;Nadareni govornici njema\u010dkog jezika&rdquo; da tada budu prisutni.<\/span><\/p>\n<p dir=\"ltr\" style=\"text-align: right\"><span id=\"docs-internal-guid-a942037c-7fff-56b7-acee-a41935a10465\">Ivana Rakoni\u0107 Leskovar, &scaron;kolska knji\u017eni\u010darka i <\/span><\/p>\n<p dir=\"ltr\" style=\"text-align: right\"><span>Matea Buljan Bogdanovi\u0107, u\u010diteljica njema\u010dkog jezika<\/span><\/p>\n<div>&nbsp;<\/div>\n","protected":false},"excerpt":{"rendered":"<p>Sve\u010dana dodjela certifikata A1&nbsp; iz njema\u010dkog jezika bit \u0107e uprili\u010dena u sklopu manifestacije &ldquo;Dani kruha&rdquo;, koja \u0107e se odr\u017eati u srijedu 25. listopada u 9:30 h u &scaron;kolskoj dvorani. Molimo sve u\u010denike koji su sudjelovali u projektu &ldquo;Nadareni govornici njema\u010dkog jezika&rdquo; da tada budu prisutni. Ivana Rakoni\u0107 Leskovar, &scaron;kolska knji\u017eni\u010darka i Matea Buljan Bogdanovi\u0107, u\u010diteljica [&hellip;]<\/p>\n","protected":false},"author":1,"featured_media":0,"comment_status":"closed","ping_status":"closed","sticky":false,"template":"","format":"standard","meta":{"_et_pb_use_builder":"","_et_pb_old_content":"","_et_gb_content_width":"","footnotes":""},"categories":[55],"tags":[],"class_list":["post-293122","post","type-post","status-publish","format-standard","hentry","category-naslovnica"],"_links":{"self":[{"href":"https:\/\/os-dlermana-brestovac.skole.hr\/index.php?rest_route=\/wp\/v2\/posts\/293122","targetHints":{"allow":["GET"]}}],"collection":[{"href":"https:\/\/os-dlermana-brestovac.skole.hr\/index.php?rest_route=\/wp\/v2\/posts"}],"about":[{"href":"https:\/\/os-dlermana-brestovac.skole.hr\/index.php?rest_route=\/wp\/v2\/types\/post"}],"author":[{"embeddable":true,"href":"https:\/\/os-dlermana-brestovac.skole.hr\/index.php?rest_route=\/wp\/v2\/users\/1"}],"replies":[{"embeddable":true,"href":"https:\/\/os-dlermana-brestovac.skole.hr\/index.php?rest_route=%2Fwp%2Fv2%2Fcomments&post=293122"}],"version-history":[{"count":0,"href":"https:\/\/os-dlermana-brestovac.skole.hr\/index.php?rest_route=\/wp\/v2\/posts\/293122\/revisions"}],"wp:attachment":[{"href":"https:\/\/os-dlermana-brestovac.skole.hr\/index.php?rest_route=%2Fwp%2Fv2%2Fmedia&parent=293122"}],"wp:term":[{"taxonomy":"category","embeddable":true,"href":"https:\/\/os-dlermana-brestovac.skole.hr\/index.php?rest_route=%2Fwp%2Fv2%2Fcategories&post=293122"},{"taxonomy":"post_tag","embeddable":true,"href":"https:\/\/os-dlermana-brestovac.skole.hr\/index.php?rest_route=%2Fwp%2Fv2%2Ftags&post=293122"}],"curies":[{"name":"wp","href":"https:\/\/api.w.org\/{rel}","templated":true}]}}